{"id":2334,"date":"2017-11-09T11:42:27","date_gmt":"2017-11-09T10:42:27","guid":{"rendered":"https:\/\/es.greenpeace.org\/gl\/?post_type=post_faqs&#038;p=2334"},"modified":"2017-12-12T23:54:24","modified_gmt":"2017-12-12T22:54:24","slug":"es-almidon-modificado-un-ingrediente-transgenico","status":"publish","type":"post_faqs","link":"https:\/\/es.greenpeace.org\/gl\/preguntas-frecuentes\/es-almidon-modificado-un-ingrediente-transgenico\/","title":{"rendered":"\u00c9 \u201calmid\u00f3n modificado\u201d un ingrediente transx\u00e9nico?"},"content":{"rendered":"<p>&#8220;Almid\u00f3n modificado&#8221; fai referencia a unha transformaci\u00f3n fisicoqu\u00edmica sen relaci\u00f3n cos transx\u00e9nicos. Na etiqueta debe levar a menci\u00f3n &#8220;modificado xeneticamente&#8221; ou &#8220;producido a partir de -nome do ingrediente- modificado xeneticamente&#8221;. Por\u00e9n, poucas veces atoparemos o etiquetado, porque dende as diferentes administraci\u00f3ns non se asume con seriedade este tema.<\/p>\n","protected":false},"author":4,"featured_media":0,"parent":0,"template":"","meta":{"_acf_changed":false,"footnotes":""},"categories":[],"tags":[],"class_list":["post-2334","post_faqs","type-post_faqs","status-publish","hentry"],"acf":[],"yoast_head":"<!-- This site is optimized with the Yoast SEO plugin v27.1.1 - https:\/\/yoast.com\/product\/yoast-seo-wordpress\/ -->\n<title>\u00c9 \u201calmid\u00f3n modificado\u201d un ingrediente transx\u00e9nico? - GL | Greenpeace Espa\u00f1a<\/title>\n<meta name=\"robots\" content=\"index, follow, max-snippet:-1, max-image-preview:large, max-video-preview:-1\" \/>\n<link rel=\"canonical\" href=\"https:\/\/es.greenpeace.org\/gl\/preguntas-frecuentes\/es-almidon-modificado-un-ingrediente-transgenico\/\" \/>\n<meta property=\"og:locale\" content=\"en_US\" \/>\n<meta property=\"og:type\" content=\"article\" \/>\n<meta property=\"og:title\" content=\"\u00c9 \u201calmid\u00f3n modificado\u201d un ingrediente transx\u00e9nico? - GL | Greenpeace Espa\u00f1a\" \/>\n<meta property=\"og:description\" content=\"&#8220;Almid\u00f3n modificado&#8221; fai referencia a unha transformaci\u00f3n fisicoqu\u00edmica sen relaci\u00f3n cos transx\u00e9nicos. Na etiqueta debe levar a menci\u00f3n &#8220;modificado xeneticamente&#8221; ou &#8220;producido a partir de -nome do ingrediente- modificado xeneticamente&#8221;. Por\u00e9n, poucas veces atoparemos o etiquetado, porque dende as diferentes administraci\u00f3ns non se asume con seriedade este tema.\" \/>\n<meta property=\"og:url\" content=\"https:\/\/es.greenpeace.org\/gl\/preguntas-frecuentes\/es-almidon-modificado-un-ingrediente-transgenico\/\" \/>\n<meta property=\"og:site_name\" content=\"GL | Greenpeace Espa\u00f1a\" \/>\n<meta property=\"article:publisher\" content=\"https:\/\/www.facebook.com\/greenpeace.spain\" \/>\n<meta property=\"article:modified_time\" content=\"2017-12-12T22:54:24+00:00\" \/>\n<meta name=\"twitter:card\" content=\"summary_large_image\" \/>\n<meta name=\"twitter:site\" content=\"@greenpeace_esp\" \/>\n<script type=\"application\/ld+json\" class=\"yoast-schema-graph\">{\"@context\":\"https:\/\/schema.org\",\"@graph\":[{\"@type\":\"WebPage\",\"@id\":\"https:\/\/es.greenpeace.org\/gl\/preguntas-frecuentes\/es-almidon-modificado-un-ingrediente-transgenico\/\",\"url\":\"https:\/\/es.greenpeace.org\/gl\/preguntas-frecuentes\/es-almidon-modificado-un-ingrediente-transgenico\/\",\"name\":\"\u00c9 \u201calmid\u00f3n modificado\u201d un ingrediente transx\u00e9nico? - GL | Greenpeace Espa\u00f1a\",\"isPartOf\":{\"@id\":\"https:\/\/es.greenpeace.org\/gl\/#website\"},\"datePublished\":\"2017-11-09T10:42:27+00:00\",\"dateModified\":\"2017-12-12T22:54:24+00:00\",\"breadcrumb\":{\"@id\":\"https:\/\/es.greenpeace.org\/gl\/preguntas-frecuentes\/es-almidon-modificado-un-ingrediente-transgenico\/#breadcrumb\"},\"inLanguage\":\"gl-ES\",\"potentialAction\":[{\"@type\":\"ReadAction\",\"target\":[\"https:\/\/es.greenpeace.org\/gl\/preguntas-frecuentes\/es-almidon-modificado-un-ingrediente-transgenico\/\"]}]},{\"@type\":\"BreadcrumbList\",\"@id\":\"https:\/\/es.greenpeace.org\/gl\/preguntas-frecuentes\/es-almidon-modificado-un-ingrediente-transgenico\/#breadcrumb\",\"itemListElement\":[{\"@type\":\"ListItem\",\"position\":1,\"name\":\"Home\",\"item\":\"https:\/\/es.greenpeace.org\/gl\/\"},{\"@type\":\"ListItem\",\"position\":2,\"name\":\"\u00c9 \u201calmid\u00f3n modificado\u201d un ingrediente transx\u00e9nico?\"}]},{\"@type\":\"WebSite\",\"@id\":\"https:\/\/es.greenpeace.org\/gl\/#website\",\"url\":\"https:\/\/es.greenpeace.org\/gl\/\",\"name\":\"GL | Greenpeace Espa\u00f1a\",\"description\":\"\",\"publisher\":{\"@id\":\"https:\/\/es.greenpeace.org\/gl\/#organization\"},\"potentialAction\":[{\"@type\":\"SearchAction\",\"target\":{\"@type\":\"EntryPoint\",\"urlTemplate\":\"https:\/\/es.greenpeace.org\/gl\/?s={search_term_string}\"},\"query-input\":{\"@type\":\"PropertyValueSpecification\",\"valueRequired\":true,\"valueName\":\"search_term_string\"}}],\"inLanguage\":\"gl-ES\"},{\"@type\":\"Organization\",\"@id\":\"https:\/\/es.greenpeace.org\/gl\/#organization\",\"name\":\"Greenpeace Espa\u00f1a\",\"url\":\"https:\/\/es.greenpeace.org\/gl\/\",\"logo\":{\"@type\":\"ImageObject\",\"inLanguage\":\"gl-ES\",\"@id\":\"https:\/\/es.greenpeace.org\/gl\/#\/schema\/logo\/image\/\",\"url\":\"https:\/\/es.greenpeace.org\/gl\/wp-content\/uploads\/sites\/8\/2024\/07\/greenpeace-logo-verde.svg\",\"contentUrl\":\"https:\/\/es.greenpeace.org\/gl\/wp-content\/uploads\/sites\/8\/2024\/07\/greenpeace-logo-verde.svg\",\"width\":1,\"height\":1,\"caption\":\"Greenpeace Espa\u00f1a\"},\"image\":{\"@id\":\"https:\/\/es.greenpeace.org\/gl\/#\/schema\/logo\/image\/\"},\"sameAs\":[\"https:\/\/www.facebook.com\/greenpeace.spain\",\"https:\/\/x.com\/greenpeace_esp\",\"https:\/\/www.instagram.com\/greenpeace_esp\/\"]}]}<\/script>\n<!-- \/ Yoast SEO plugin. -->","yoast_head_json":{"title":"\u00c9 \u201calmid\u00f3n modificado\u201d un ingrediente transx\u00e9nico? - GL | Greenpeace Espa\u00f1a","robots":{"index":"index","follow":"follow","max-snippet":"max-snippet:-1","max-image-preview":"max-image-preview:large","max-video-preview":"max-video-preview:-1"},"canonical":"https:\/\/es.greenpeace.org\/gl\/preguntas-frecuentes\/es-almidon-modificado-un-ingrediente-transgenico\/","og_locale":"en_US","og_type":"article","og_title":"\u00c9 \u201calmid\u00f3n modificado\u201d un ingrediente transx\u00e9nico? - GL | Greenpeace Espa\u00f1a","og_description":"&#8220;Almid\u00f3n modificado&#8221; fai referencia a unha transformaci\u00f3n fisicoqu\u00edmica sen relaci\u00f3n cos transx\u00e9nicos. Na etiqueta debe levar a menci\u00f3n &#8220;modificado xeneticamente&#8221; ou &#8220;producido a partir de -nome do ingrediente- modificado xeneticamente&#8221;. Por\u00e9n, poucas veces atoparemos o etiquetado, porque dende as diferentes administraci\u00f3ns non se asume con seriedade este tema.","og_url":"https:\/\/es.greenpeace.org\/gl\/preguntas-frecuentes\/es-almidon-modificado-un-ingrediente-transgenico\/","og_site_name":"GL | Greenpeace Espa\u00f1a","article_publisher":"https:\/\/www.facebook.com\/greenpeace.spain","article_modified_time":"2017-12-12T22:54:24+00:00","twitter_card":"summary_large_image","twitter_site":"@greenpeace_esp","schema":{"@context":"https:\/\/schema.org","@graph":[{"@type":"WebPage","@id":"https:\/\/es.greenpeace.org\/gl\/preguntas-frecuentes\/es-almidon-modificado-un-ingrediente-transgenico\/","url":"https:\/\/es.greenpeace.org\/gl\/preguntas-frecuentes\/es-almidon-modificado-un-ingrediente-transgenico\/","name":"\u00c9 \u201calmid\u00f3n modificado\u201d un ingrediente transx\u00e9nico? - GL | Greenpeace Espa\u00f1a","isPartOf":{"@id":"https:\/\/es.greenpeace.org\/gl\/#website"},"datePublished":"2017-11-09T10:42:27+00:00","dateModified":"2017-12-12T22:54:24+00:00","breadcrumb":{"@id":"https:\/\/es.greenpeace.org\/gl\/preguntas-frecuentes\/es-almidon-modificado-un-ingrediente-transgenico\/#breadcrumb"},"inLanguage":"gl-ES","potentialAction":[{"@type":"ReadAction","target":["https:\/\/es.greenpeace.org\/gl\/preguntas-frecuentes\/es-almidon-modificado-un-ingrediente-transgenico\/"]}]},{"@type":"BreadcrumbList","@id":"https:\/\/es.greenpeace.org\/gl\/preguntas-frecuentes\/es-almidon-modificado-un-ingrediente-transgenico\/#breadcrumb","itemListElement":[{"@type":"ListItem","position":1,"name":"Home","item":"https:\/\/es.greenpeace.org\/gl\/"},{"@type":"ListItem","position":2,"name":"\u00c9 \u201calmid\u00f3n modificado\u201d un ingrediente transx\u00e9nico?"}]},{"@type":"WebSite","@id":"https:\/\/es.greenpeace.org\/gl\/#website","url":"https:\/\/es.greenpeace.org\/gl\/","name":"GL | Greenpeace Espa\u00f1a","description":"","publisher":{"@id":"https:\/\/es.greenpeace.org\/gl\/#organization"},"potentialAction":[{"@type":"SearchAction","target":{"@type":"EntryPoint","urlTemplate":"https:\/\/es.greenpeace.org\/gl\/?s={search_term_string}"},"query-input":{"@type":"PropertyValueSpecification","valueRequired":true,"valueName":"search_term_string"}}],"inLanguage":"gl-ES"},{"@type":"Organization","@id":"https:\/\/es.greenpeace.org\/gl\/#organization","name":"Greenpeace Espa\u00f1a","url":"https:\/\/es.greenpeace.org\/gl\/","logo":{"@type":"ImageObject","inLanguage":"gl-ES","@id":"https:\/\/es.greenpeace.org\/gl\/#\/schema\/logo\/image\/","url":"https:\/\/es.greenpeace.org\/gl\/wp-content\/uploads\/sites\/8\/2024\/07\/greenpeace-logo-verde.svg","contentUrl":"https:\/\/es.greenpeace.org\/gl\/wp-content\/uploads\/sites\/8\/2024\/07\/greenpeace-logo-verde.svg","width":1,"height":1,"caption":"Greenpeace Espa\u00f1a"},"image":{"@id":"https:\/\/es.greenpeace.org\/gl\/#\/schema\/logo\/image\/"},"sameAs":["https:\/\/www.facebook.com\/greenpeace.spain","https:\/\/x.com\/greenpeace_esp","https:\/\/www.instagram.com\/greenpeace_esp\/"]}]}},"_links":{"self":[{"href":"https:\/\/es.greenpeace.org\/gl\/wp-json\/wp\/v2\/post_faqs\/2334","targetHints":{"allow":["GET"]}}],"collection":[{"href":"https:\/\/es.greenpeace.org\/gl\/wp-json\/wp\/v2\/post_faqs"}],"about":[{"href":"https:\/\/es.greenpeace.org\/gl\/wp-json\/wp\/v2\/types\/post_faqs"}],"author":[{"embeddable":true,"href":"https:\/\/es.greenpeace.org\/gl\/wp-json\/wp\/v2\/users\/4"}],"version-history":[{"count":4,"href":"https:\/\/es.greenpeace.org\/gl\/wp-json\/wp\/v2\/post_faqs\/2334\/revisions"}],"predecessor-version":[{"id":4593,"href":"https:\/\/es.greenpeace.org\/gl\/wp-json\/wp\/v2\/post_faqs\/2334\/revisions\/4593"}],"wp:attachment":[{"href":"https:\/\/es.greenpeace.org\/gl\/wp-json\/wp\/v2\/media?parent=2334"}],"wp:term":[{"taxonomy":"category","embeddable":true,"href":"https:\/\/es.greenpeace.org\/gl\/wp-json\/wp\/v2\/categories?post=2334"},{"taxonomy":"post_tag","embeddable":true,"href":"https:\/\/es.greenpeace.org\/gl\/wp-json\/wp\/v2\/tags?post=2334"}],"curies":[{"name":"wp","href":"https:\/\/api.w.org\/{rel}","templated":true}]}}