{"id":5926,"date":"2022-01-17T12:45:38","date_gmt":"2022-01-17T10:45:38","guid":{"rendered":"https:\/\/es.greenpeace.org\/gl\/?post_type=post_faqs&#038;p=5926"},"modified":"2022-01-27T15:52:21","modified_gmt":"2022-01-27T13:52:21","slug":"trabaja-greenpeace-desde-la-perspectiva-de-genero","status":"publish","type":"post_faqs","link":"https:\/\/es.greenpeace.org\/gl\/preguntas-frecuentes\/trabaja-greenpeace-desde-la-perspectiva-de-genero\/","title":{"rendered":"Traballa Greenpeace dende a perspectiva de x\u00e9nero?"},"content":{"rendered":"<p>Ademais da transparencia ou a independencia, entre os valores de Greenpeace at\u00f3pase a igualdade de x\u00e9nero. Sen eses valores, o mundo xusto e en paz no que cremos non ser\u00eda pos\u00edbel.<\/p>\n<p>Greenpeace aposta por un ecoloxismo que integre a perspectiva de x\u00e9nero e que reco\u00f1eza, por exemplo, que son as mulleres quen m\u00e1is sofren as consecuencias do cambio clim\u00e1tico e do acceso desigual aos recursos e que \u00e9 imprescind\u00edbel reco\u00f1ecer o seu papel como axentes do cambio.<\/p>\n<p>Dende 2014, Greenpeace Espa\u00f1a conta cun grupo de traballo que aval\u00eda e garante que a perspectiva de x\u00e9nero est\u00e1 inclu\u00edda en todas as pol\u00edticas da organizaci\u00f3n.<\/p>\n<p>Podes descargar <a href=\"https:\/\/es.greenpeace.org\/es\/wp-content\/uploads\/sites\/3\/2018\/04\/politica_genero-1.pdf\" target=\"_blank\" rel=\"noopener noreferrer\">aqu\u00ed<\/a> a nosa pol\u00edtica de x\u00e9nero. Versi\u00f3n en ingl\u00e9s <a href=\"\/es\/wp-content\/uploads\/sites\/3\/2020\/09\/politica_genero_EN.pdf\" target=\"_blank\" rel=\"noopener noreferrer\">aqu\u00ed<\/a>.<\/p>\n","protected":false},"author":68,"featured_media":0,"parent":0,"template":"","meta":{"_acf_changed":false,"footnotes":""},"categories":[],"tags":[],"class_list":["post-5926","post_faqs","type-post_faqs","status-publish","hentry"],"acf":[],"yoast_head":"<!-- This site is optimized with the Yoast SEO plugin v27.1.1 - https:\/\/yoast.com\/product\/yoast-seo-wordpress\/ -->\n<title>Traballa Greenpeace dende a perspectiva de x\u00e9nero? - GL | Greenpeace Espa\u00f1a<\/title>\n<meta name=\"robots\" content=\"index, follow, max-snippet:-1, max-image-preview:large, max-video-preview:-1\" \/>\n<link rel=\"canonical\" href=\"https:\/\/es.greenpeace.org\/gl\/preguntas-frecuentes\/trabaja-greenpeace-desde-la-perspectiva-de-genero\/\" \/>\n<meta property=\"og:locale\" content=\"en_US\" \/>\n<meta property=\"og:type\" content=\"article\" \/>\n<meta property=\"og:title\" content=\"Traballa Greenpeace dende a perspectiva de x\u00e9nero? - GL | Greenpeace Espa\u00f1a\" \/>\n<meta property=\"og:description\" content=\"Ademais da transparencia ou a independencia, entre os valores de Greenpeace at\u00f3pase a igualdade de x\u00e9nero. Sen eses valores, o mundo xusto e en paz no que cremos non ser\u00eda pos\u00edbel. Greenpeace aposta por un ecoloxismo que integre a perspectiva de x\u00e9nero e que reco\u00f1eza, por exemplo, que son as mulleres quen m\u00e1is sofren as [&hellip;]\" \/>\n<meta property=\"og:url\" content=\"https:\/\/es.greenpeace.org\/gl\/preguntas-frecuentes\/trabaja-greenpeace-desde-la-perspectiva-de-genero\/\" \/>\n<meta property=\"og:site_name\" content=\"GL | Greenpeace Espa\u00f1a\" \/>\n<meta property=\"article:publisher\" content=\"https:\/\/www.facebook.com\/greenpeace.spain\" \/>\n<meta property=\"article:modified_time\" content=\"2022-01-27T13:52:21+00:00\" \/>\n<meta name=\"twitter:card\" content=\"summary_large_image\" \/>\n<meta name=\"twitter:site\" content=\"@greenpeace_esp\" \/>\n<meta name=\"twitter:label1\" content=\"Est. reading time\" \/>\n\t<meta name=\"twitter:data1\" content=\"1 minute\" \/>\n<script type=\"application\/ld+json\" class=\"yoast-schema-graph\">{\"@context\":\"https:\/\/schema.org\",\"@graph\":[{\"@type\":\"WebPage\",\"@id\":\"https:\/\/es.greenpeace.org\/gl\/preguntas-frecuentes\/trabaja-greenpeace-desde-la-perspectiva-de-genero\/\",\"url\":\"https:\/\/es.greenpeace.org\/gl\/preguntas-frecuentes\/trabaja-greenpeace-desde-la-perspectiva-de-genero\/\",\"name\":\"Traballa Greenpeace dende a perspectiva de x\u00e9nero? - GL | Greenpeace Espa\u00f1a\",\"isPartOf\":{\"@id\":\"https:\/\/es.greenpeace.org\/gl\/#website\"},\"datePublished\":\"2022-01-17T10:45:38+00:00\",\"dateModified\":\"2022-01-27T13:52:21+00:00\",\"breadcrumb\":{\"@id\":\"https:\/\/es.greenpeace.org\/gl\/preguntas-frecuentes\/trabaja-greenpeace-desde-la-perspectiva-de-genero\/#breadcrumb\"},\"inLanguage\":\"gl-ES\",\"potentialAction\":[{\"@type\":\"ReadAction\",\"target\":[\"https:\/\/es.greenpeace.org\/gl\/preguntas-frecuentes\/trabaja-greenpeace-desde-la-perspectiva-de-genero\/\"]}]},{\"@type\":\"BreadcrumbList\",\"@id\":\"https:\/\/es.greenpeace.org\/gl\/preguntas-frecuentes\/trabaja-greenpeace-desde-la-perspectiva-de-genero\/#breadcrumb\",\"itemListElement\":[{\"@type\":\"ListItem\",\"position\":1,\"name\":\"Home\",\"item\":\"https:\/\/es.greenpeace.org\/gl\/\"},{\"@type\":\"ListItem\",\"position\":2,\"name\":\"Traballa Greenpeace dende a perspectiva de x\u00e9nero?\"}]},{\"@type\":\"WebSite\",\"@id\":\"https:\/\/es.greenpeace.org\/gl\/#website\",\"url\":\"https:\/\/es.greenpeace.org\/gl\/\",\"name\":\"GL | Greenpeace Espa\u00f1a\",\"description\":\"\",\"publisher\":{\"@id\":\"https:\/\/es.greenpeace.org\/gl\/#organization\"},\"potentialAction\":[{\"@type\":\"SearchAction\",\"target\":{\"@type\":\"EntryPoint\",\"urlTemplate\":\"https:\/\/es.greenpeace.org\/gl\/?s={search_term_string}\"},\"query-input\":{\"@type\":\"PropertyValueSpecification\",\"valueRequired\":true,\"valueName\":\"search_term_string\"}}],\"inLanguage\":\"gl-ES\"},{\"@type\":\"Organization\",\"@id\":\"https:\/\/es.greenpeace.org\/gl\/#organization\",\"name\":\"Greenpeace Espa\u00f1a\",\"url\":\"https:\/\/es.greenpeace.org\/gl\/\",\"logo\":{\"@type\":\"ImageObject\",\"inLanguage\":\"gl-ES\",\"@id\":\"https:\/\/es.greenpeace.org\/gl\/#\/schema\/logo\/image\/\",\"url\":\"https:\/\/es.greenpeace.org\/gl\/wp-content\/uploads\/sites\/8\/2024\/07\/greenpeace-logo-verde.svg\",\"contentUrl\":\"https:\/\/es.greenpeace.org\/gl\/wp-content\/uploads\/sites\/8\/2024\/07\/greenpeace-logo-verde.svg\",\"width\":1,\"height\":1,\"caption\":\"Greenpeace Espa\u00f1a\"},\"image\":{\"@id\":\"https:\/\/es.greenpeace.org\/gl\/#\/schema\/logo\/image\/\"},\"sameAs\":[\"https:\/\/www.facebook.com\/greenpeace.spain\",\"https:\/\/x.com\/greenpeace_esp\",\"https:\/\/www.instagram.com\/greenpeace_esp\/\"]}]}<\/script>\n<!-- \/ Yoast SEO plugin. -->","yoast_head_json":{"title":"Traballa Greenpeace dende a perspectiva de x\u00e9nero? - GL | Greenpeace Espa\u00f1a","robots":{"index":"index","follow":"follow","max-snippet":"max-snippet:-1","max-image-preview":"max-image-preview:large","max-video-preview":"max-video-preview:-1"},"canonical":"https:\/\/es.greenpeace.org\/gl\/preguntas-frecuentes\/trabaja-greenpeace-desde-la-perspectiva-de-genero\/","og_locale":"en_US","og_type":"article","og_title":"Traballa Greenpeace dende a perspectiva de x\u00e9nero? - GL | Greenpeace Espa\u00f1a","og_description":"Ademais da transparencia ou a independencia, entre os valores de Greenpeace at\u00f3pase a igualdade de x\u00e9nero. Sen eses valores, o mundo xusto e en paz no que cremos non ser\u00eda pos\u00edbel. Greenpeace aposta por un ecoloxismo que integre a perspectiva de x\u00e9nero e que reco\u00f1eza, por exemplo, que son as mulleres quen m\u00e1is sofren as [&hellip;]","og_url":"https:\/\/es.greenpeace.org\/gl\/preguntas-frecuentes\/trabaja-greenpeace-desde-la-perspectiva-de-genero\/","og_site_name":"GL | Greenpeace Espa\u00f1a","article_publisher":"https:\/\/www.facebook.com\/greenpeace.spain","article_modified_time":"2022-01-27T13:52:21+00:00","twitter_card":"summary_large_image","twitter_site":"@greenpeace_esp","twitter_misc":{"Est. reading time":"1 minute"},"schema":{"@context":"https:\/\/schema.org","@graph":[{"@type":"WebPage","@id":"https:\/\/es.greenpeace.org\/gl\/preguntas-frecuentes\/trabaja-greenpeace-desde-la-perspectiva-de-genero\/","url":"https:\/\/es.greenpeace.org\/gl\/preguntas-frecuentes\/trabaja-greenpeace-desde-la-perspectiva-de-genero\/","name":"Traballa Greenpeace dende a perspectiva de x\u00e9nero? - GL | Greenpeace Espa\u00f1a","isPartOf":{"@id":"https:\/\/es.greenpeace.org\/gl\/#website"},"datePublished":"2022-01-17T10:45:38+00:00","dateModified":"2022-01-27T13:52:21+00:00","breadcrumb":{"@id":"https:\/\/es.greenpeace.org\/gl\/preguntas-frecuentes\/trabaja-greenpeace-desde-la-perspectiva-de-genero\/#breadcrumb"},"inLanguage":"gl-ES","potentialAction":[{"@type":"ReadAction","target":["https:\/\/es.greenpeace.org\/gl\/preguntas-frecuentes\/trabaja-greenpeace-desde-la-perspectiva-de-genero\/"]}]},{"@type":"BreadcrumbList","@id":"https:\/\/es.greenpeace.org\/gl\/preguntas-frecuentes\/trabaja-greenpeace-desde-la-perspectiva-de-genero\/#breadcrumb","itemListElement":[{"@type":"ListItem","position":1,"name":"Home","item":"https:\/\/es.greenpeace.org\/gl\/"},{"@type":"ListItem","position":2,"name":"Traballa Greenpeace dende a perspectiva de x\u00e9nero?"}]},{"@type":"WebSite","@id":"https:\/\/es.greenpeace.org\/gl\/#website","url":"https:\/\/es.greenpeace.org\/gl\/","name":"GL | Greenpeace Espa\u00f1a","description":"","publisher":{"@id":"https:\/\/es.greenpeace.org\/gl\/#organization"},"potentialAction":[{"@type":"SearchAction","target":{"@type":"EntryPoint","urlTemplate":"https:\/\/es.greenpeace.org\/gl\/?s={search_term_string}"},"query-input":{"@type":"PropertyValueSpecification","valueRequired":true,"valueName":"search_term_string"}}],"inLanguage":"gl-ES"},{"@type":"Organization","@id":"https:\/\/es.greenpeace.org\/gl\/#organization","name":"Greenpeace Espa\u00f1a","url":"https:\/\/es.greenpeace.org\/gl\/","logo":{"@type":"ImageObject","inLanguage":"gl-ES","@id":"https:\/\/es.greenpeace.org\/gl\/#\/schema\/logo\/image\/","url":"https:\/\/es.greenpeace.org\/gl\/wp-content\/uploads\/sites\/8\/2024\/07\/greenpeace-logo-verde.svg","contentUrl":"https:\/\/es.greenpeace.org\/gl\/wp-content\/uploads\/sites\/8\/2024\/07\/greenpeace-logo-verde.svg","width":1,"height":1,"caption":"Greenpeace Espa\u00f1a"},"image":{"@id":"https:\/\/es.greenpeace.org\/gl\/#\/schema\/logo\/image\/"},"sameAs":["https:\/\/www.facebook.com\/greenpeace.spain","https:\/\/x.com\/greenpeace_esp","https:\/\/www.instagram.com\/greenpeace_esp\/"]}]}},"_links":{"self":[{"href":"https:\/\/es.greenpeace.org\/gl\/wp-json\/wp\/v2\/post_faqs\/5926","targetHints":{"allow":["GET"]}}],"collection":[{"href":"https:\/\/es.greenpeace.org\/gl\/wp-json\/wp\/v2\/post_faqs"}],"about":[{"href":"https:\/\/es.greenpeace.org\/gl\/wp-json\/wp\/v2\/types\/post_faqs"}],"author":[{"embeddable":true,"href":"https:\/\/es.greenpeace.org\/gl\/wp-json\/wp\/v2\/users\/68"}],"version-history":[{"count":7,"href":"https:\/\/es.greenpeace.org\/gl\/wp-json\/wp\/v2\/post_faqs\/5926\/revisions"}],"predecessor-version":[{"id":5985,"href":"https:\/\/es.greenpeace.org\/gl\/wp-json\/wp\/v2\/post_faqs\/5926\/revisions\/5985"}],"wp:attachment":[{"href":"https:\/\/es.greenpeace.org\/gl\/wp-json\/wp\/v2\/media?parent=5926"}],"wp:term":[{"taxonomy":"category","embeddable":true,"href":"https:\/\/es.greenpeace.org\/gl\/wp-json\/wp\/v2\/categories?post=5926"},{"taxonomy":"post_tag","embeddable":true,"href":"https:\/\/es.greenpeace.org\/gl\/wp-json\/wp\/v2\/tags?post=5926"}],"curies":[{"name":"wp","href":"https:\/\/api.w.org\/{rel}","templated":true}]}}